{"id":3469,"date":"2025-04-16T18:34:04","date_gmt":"2025-04-16T18:34:04","guid":{"rendered":"https:\/\/www.delacocinaalahuerta.es\/alacant-contempla-installar-nova-maquinaria-per-al-tractament-de-residus-organics\/"},"modified":"2025-07-02T10:07:20","modified_gmt":"2025-07-02T10:07:20","slug":"alacant-contempla-installar-nova-maquinaria-per-al-tractament-de-residus-organics","status":"publish","type":"post","link":"https:\/\/www.delacocinaalahuerta.es\/ca\/alacant-contempla-installar-nova-maquinaria-per-al-tractament-de-residus-organics\/","title":{"rendered":"Alacant contempla instal\u00b7lar nova maquin\u00e0ria per al tractament de residus org\u00e0nics"},"content":{"rendered":"\t\t<div data-elementor-type=\"wp-post\" data-elementor-id=\"3469\" class=\"elementor elementor-3469 elementor-2918\">\n\t\t\t\t<div class=\"elementor-element elementor-element-bb37d08 e-flex e-con-boxed e-con e-parent\" data-id=\"bb37d08\" data-element_type=\"container\" data-e-type=\"container\">\n\t\t\t\t\t<div class=\"e-con-inner\">\n\t\t\t\t<div class=\"elementor-element elementor-element-525b2dd elementor-widget elementor-widget-text-editor\" data-id=\"525b2dd\" data-element_type=\"widget\" data-e-type=\"widget\" data-widget_type=\"text-editor.default\">\n\t\t\t\t<div class=\"elementor-widget-container\">\n\t\t\t\t\t\t\t\t\t<p><b>El tractament de residus org\u00e0nics fa un pas ferm a Alacant.<\/b> <span style=\"font-weight: 400;\">L&#8217;Ajuntament ha iniciat un ambici\u00f3s pla de modernitzaci\u00f3 del<\/span> <b>Centre de Tractament de Residus d&#8217;Alacant (CETRA)<\/b> <span style=\"font-weight: 400;\">incorporant<\/span> <b>nova maquin\u00e0ria especialitzada per processar els residus del contenidor marr\u00f3<\/b><span style=\"font-weight: 400;\">. Aquesta inversi\u00f3 estrat\u00e8gica busca transformar els bioresidus en un compost d&#8217;alta qualitat, contribuint de manera efectiva a la  <\/span><b>economia circular local<\/b> <span style=\"font-weight: 400;\">.<\/span><\/p><p><span style=\"font-weight: 400;\"> <\/span><\/p><h2><b>Una aposta municipal per la innovaci\u00f3 i la sostenibilitat<\/b><\/h2><p><span style=\"font-weight: 400;\">El projecte compta amb una inversi\u00f3 propera als cinc milions d&#8217;euros, destinats a l&#8217;adquisici\u00f3 de maquin\u00e0ria per al<\/span> <b>pretractament i afinament del bioestabilitzat<\/b><span style=\"font-weight: 400;\">. Aquests equips permetran processar fins  <\/span><b>50.000 tones anuals de residus org\u00e0nics<\/b> <span style=\"font-weight: 400;\">, optimitzant el rendiment de recuperaci\u00f3 i reciclatge.<\/span><\/p><p><span style=\"font-weight: 400;\">El vicealcalde i regidor de Medi Ambient, Manuel Villar, ha subratllat que aquesta millora continua la l\u00ednia d&#8217;inversi\u00f3 desenvolupada des del 2019, amb una reducci\u00f3 notable del rebuig enviat a l&#8217;abocador \u2014del 72% al 46%\u2014 gr\u00e0cies a una gesti\u00f3 m\u00e9s eficient.   <\/span><b>obtenir un compost apte per a jardineria i \u00fas agr\u00edcola<\/b> <span style=\"font-weight: 400;\">, tancant aix\u00ed el cicle dels bioresidus.<\/span><\/p><p><span style=\"font-weight: 400;\"> <\/span><\/p><h2><b>El valor del contenidor marr\u00f3 com a font de recursos<\/b><\/h2><p><span style=\"font-weight: 400;\">El desplegament del<\/span> <b>contenidor marr\u00f3<\/b><span style=\"font-weight: 400;\">  a tota la ciutat ha estat clau per impulsar la recollida separada de residus org\u00e0nics. Per\u00f2 perqu\u00e8 aquest esfor\u00e7 ciutad\u00e0 tingui impacte, \u00e9s fonamental comptar amb   <\/span><b>infraestructura de tractament adequada<\/b><span style=\"font-weight: 400;\">. La instal\u00b7laci\u00f3 de maquin\u00e0ria avan\u00e7ada al CETRA garanteix que els residus org\u00e0nics no es desaprofitin, sin\u00f3 que es transformin en recursos \u00fatils per a l&#8217;entorn urb\u00e0 i rural.<\/span><\/p><p><span style=\"font-weight: 400;\">Aquest enfocament \u00e9s un exemple clar de com una ciutat pot liderar en<\/span> <b>economia circular i sostenibilitat ambiental<\/b> <span style=\"font-weight: 400;\">mitjan\u00e7ant decisions estrat\u00e8giques i tecnol\u00f2giques.<\/span><\/p><p><span style=\"font-weight: 400;\"> <\/span><\/p><h2><b>De La Cocina a La Huerta: compostatge net i eficient des de qualsevol lloc<\/b><\/h2><p><span style=\"font-weight: 400;\">Aquest impuls p\u00fablic t\u00e9 el seu reflex a petita escala en solucions com les que ofereix<\/span> <b>De La Cocina a La Huerta<\/b> <span style=\"font-weight: 400;\">, amb les seves innovadores<\/span> <a href=\"https:\/\/www.delacocinaalahuerta.es\/ca\/categoria-producto\/gamma-horeca\/\"><b>m\u00e0quines de compostatge<\/b><\/a> <span style=\"font-weight: 400;\">dissenyades per transformar residus org\u00e0nics en<\/span> <b>compost en nom\u00e9s 24 hores<\/b> <span style=\"font-weight: 400;\">, sense olors ni residus no desitjats.<\/span><\/p><p><span style=\"font-weight: 400;\">Les nostres m\u00e0quines:<\/span><\/p><ul><li style=\"font-weight: 400;\" aria-level=\"1\"><b>Automatitzen i controlen<\/b> <span style=\"font-weight: 400;\">tot el proc\u00e9s de compostatge.<\/span><\/li><li style=\"font-weight: 400;\" aria-level=\"1\"><span style=\"font-weight: 400;\">Eludeixen les males olors gr\u00e0cies al sistema tancat i al filtratge d&#8217;aire.<\/span><\/li><li style=\"font-weight: 400;\" aria-level=\"1\"><span style=\"font-weight: 400;\">Permeten un compostatge eficient tant a llars com a negocis, col\u00b7legis, comunitats de ve\u00efns o petites explotacions agr\u00edcoles.<\/span><\/li><li style=\"font-weight: 400;\" aria-level=\"1\"><span style=\"font-weight: 400;\">Produeixen un<\/span> <b>compost net, sense micropl\u00e0stics<\/b> <span style=\"font-weight: 400;\">, i perfecte per a cultius ecol\u00f2gics.<\/span><\/li><\/ul><p><span style=\"font-weight: 400;\">Amb les nostres solucions qualsevol pot replicar el model que Alacant implementa a gran escala,<\/span> <b>sense necessitat d&#8217;una planta industrial<\/b> <span style=\"font-weight: 400;\">.<\/span><\/p><p><span style=\"font-weight: 400;\"> <\/span><\/p><h2><b>Per qu\u00e8 apostar per maquin\u00e0ria de compostatge?<\/b><\/h2><p><span style=\"font-weight: 400;\">Tant les administracions com els ciutadans tenen un paper crucial en la gesti\u00f3 de residus. Apostar per   <\/span><b>maquin\u00e0ria de compostatge eficient<\/b> <span style=\"font-weight: 400;\">\u00e9s una forma directa de reduir la petjada ambiental, evitar emissions innecess\u00e0ries i tancar el cicle dels residus org\u00e0nics.<\/span><\/p><p><span style=\"font-weight: 400;\">La transformaci\u00f3 immediata del residu en compost no nom\u00e9s evita el transport i emmagatzematge, sin\u00f3 que<\/span> <b>torna a terra un recurs valu\u00f3s<\/b><span style=\"font-weight: 400;\">. En el cas de De La Cocina a La Huerta, a m\u00e9s, ho fa amb total neteja, automatitzaci\u00f3 i sense contaminaci\u00f3 pl\u00e0stica.<\/span><\/p><p><span style=\"font-weight: 400;\"> <\/span><\/p><h2><b>Compost en 24 hores: una soluci\u00f3 per a l&#8217;economia circular<\/b><\/h2><p><span style=\"font-weight: 400;\">En un context on el temps i l&#8217;efici\u00e8ncia s\u00f3n clau, poder<\/span> <b>obtenir compost nom\u00e9s en 24 hores<\/b><span style=\"font-weight: 400;\">  marca la difer\u00e8ncia. Enfront dels processos industrials que poden trigar setmanes, les nostres m\u00e0quines converteixen les deixalles org\u00e0niques en un   <\/span><b>fertilitzant natural, nutritiu i ecol\u00f2gic<\/b> <span style=\"font-weight: 400;\">en un sol dia.<\/span><\/p><p><span style=\"font-weight: 400;\">Aix\u00f2 representa una soluci\u00f3 ideal per als que volen compostar sense complicacions i amb garanties de qualitat.<\/span><\/p><p><span style=\"font-weight: 400;\"> <\/span><\/p><h2><b>Conclusi\u00f3<\/b><\/h2><p><span style=\"font-weight: 400;\">El<\/span> <b>tractament de residus org\u00e0nics<\/b><span style=\"font-weight: 400;\">  cal abordar-ho des de tots els nivells: municipal, empresarial i dom\u00e8stic. L\u00b4exemple d\u00b4Alacant demostra com una administraci\u00f3 pot impulsar el canvi amb tecnologia i inversi\u00f3. Per\u00f2 tamb\u00e9 tu, des de casa o el teu negoci, et pots sumar a aquesta transformaci\u00f3 amb solucions com les que ofereix    <\/span><a href=\"https:\/\/www.delacocinaalahuerta.es\/ca\/categoria-producto\/gamma-horeca\/\"><b>De La Cocina a La Huerta<\/b> <span style=\"font-weight: 400;\">.<\/span><\/a><\/p><p><b>Transforma els teus residus a la vida. Tanca el cicle. Aposta pel compostatge net, r\u00e0pid i eficient.  <\/b><\/p>\t\t\t\t\t\t\t\t<\/div>\n\t\t\t\t<\/div>\n\t\t\t\t\t<\/div>\n\t\t\t\t<\/div>\n\t\t\t\t<\/div>\n\t\t","protected":false},"excerpt":{"rendered":"<p>El tractament de residus org\u00e0nics fa un pas ferm a Alacant. L&#8217;Ajuntament ha iniciat un ambici\u00f3s pla de modernitzaci\u00f3 del Centre de Tractament de Residus d&#8217;Alacant (CETRA) incorporant nova maquin\u00e0ria especialitzada per processar els residus del contenidor marr\u00f3. Aquesta inversi\u00f3 estrat\u00e8gica busca transformar els bioresidus en un compost d&#8217;alta qualitat, contribuint de manera efectiva a [&hellip;]<\/p>\n","protected":false},"author":2,"featured_media":3305,"comment_status":"closed","ping_status":"closed","sticky":false,"template":"","format":"standard","meta":{"site-sidebar-layout":"default","site-content-layout":"","ast-site-content-layout":"default","site-content-style":"default","site-sidebar-style":"default","ast-global-header-display":"","ast-banner-title-visibility":"","ast-main-header-display":"","ast-hfb-above-header-display":"","ast-hfb-below-header-display":"","ast-hfb-mobile-header-display":"","site-post-title":"","ast-breadcrumbs-content":"","ast-featured-img":"","footer-sml-layout":"","theme-transparent-header-meta":"","adv-header-id-meta":"","stick-header-meta":"","header-above-stick-meta":"","header-main-stick-meta":"","header-below-stick-meta":"","astra-migrate-meta-layouts":"default","ast-page-background-enabled":"default","ast-page-background-meta":{"desktop":{"background-color":"var(--ast-global-color-4)","background-image":"","background-repeat":"repeat","background-position":"center center","background-size":"auto","background-attachment":"scroll","background-type":"","background-media":"","overlay-type":"","overlay-color":"","overlay-opacity":"","overlay-gradient":""},"tablet":{"background-color":"","background-image":"","background-repeat":"repeat","background-position":"center center","background-size":"auto","background-attachment":"scroll","background-type":"","background-media":"","overlay-type":"","overlay-color":"","overlay-opacity":"","overlay-gradient":""},"mobile":{"background-color":"","background-image":"","background-repeat":"repeat","background-position":"center center","background-size":"auto","background-attachment":"scroll","background-type":"","background-media":"","overlay-type":"","overlay-color":"","overlay-opacity":"","overlay-gradient":""}},"ast-content-background-meta":{"desktop":{"background-color":"var(--ast-global-color-5)","background-image":"","background-repeat":"repeat","background-position":"center center","background-size":"auto","background-attachment":"scroll","background-type":"","background-media":"","overlay-type":"","overlay-color":"","overlay-opacity":"","overlay-gradient":""},"tablet":{"background-color":"var(--ast-global-color-5)","background-image":"","background-repeat":"repeat","background-position":"center center","background-size":"auto","background-attachment":"scroll","background-type":"","background-media":"","overlay-type":"","overlay-color":"","overlay-opacity":"","overlay-gradient":""},"mobile":{"background-color":"var(--ast-global-color-5)","background-image":"","background-repeat":"repeat","background-position":"center center","background-size":"auto","background-attachment":"scroll","background-type":"","background-media":"","overlay-type":"","overlay-color":"","overlay-opacity":"","overlay-gradient":""}},"footnotes":""},"categories":[66],"tags":[],"class_list":["post-3469","post","type-post","status-publish","format-standard","has-post-thumbnail","hentry","category-gestio-de-residus"],"_links":{"self":[{"href":"https:\/\/www.delacocinaalahuerta.es\/ca\/wp-json\/wp\/v2\/posts\/3469","targetHints":{"allow":["GET"]}}],"collection":[{"href":"https:\/\/www.delacocinaalahuerta.es\/ca\/wp-json\/wp\/v2\/posts"}],"about":[{"href":"https:\/\/www.delacocinaalahuerta.es\/ca\/wp-json\/wp\/v2\/types\/post"}],"author":[{"embeddable":true,"href":"https:\/\/www.delacocinaalahuerta.es\/ca\/wp-json\/wp\/v2\/users\/2"}],"replies":[{"embeddable":true,"href":"https:\/\/www.delacocinaalahuerta.es\/ca\/wp-json\/wp\/v2\/comments?post=3469"}],"version-history":[{"count":1,"href":"https:\/\/www.delacocinaalahuerta.es\/ca\/wp-json\/wp\/v2\/posts\/3469\/revisions"}],"predecessor-version":[{"id":3470,"href":"https:\/\/www.delacocinaalahuerta.es\/ca\/wp-json\/wp\/v2\/posts\/3469\/revisions\/3470"}],"wp:featuredmedia":[{"embeddable":true,"href":"https:\/\/www.delacocinaalahuerta.es\/ca\/wp-json\/wp\/v2\/media\/3305"}],"wp:attachment":[{"href":"https:\/\/www.delacocinaalahuerta.es\/ca\/wp-json\/wp\/v2\/media?parent=3469"}],"wp:term":[{"taxonomy":"category","embeddable":true,"href":"https:\/\/www.delacocinaalahuerta.es\/ca\/wp-json\/wp\/v2\/categories?post=3469"},{"taxonomy":"post_tag","embeddable":true,"href":"https:\/\/www.delacocinaalahuerta.es\/ca\/wp-json\/wp\/v2\/tags?post=3469"}],"curies":[{"name":"wp","href":"https:\/\/api.w.org\/{rel}","templated":true}]}}